{"id":169,"date":"2023-05-24T17:01:58","date_gmt":"2023-05-24T17:01:58","guid":{"rendered":"https:\/\/onisiforghibu.ro\/?p=169"},"modified":"2023-05-24T17:01:58","modified_gmt":"2023-05-24T17:01:58","slug":"o-g-cum-s-a-facut-unirea-basarabiei-in-biblioteca-astra-nr-9-editura-asociatiunii-tiparul-tipografiei-arhidiecezane-sibiu-1925","status":"publish","type":"post","link":"https:\/\/onisiforghibu.ro\/index.php\/2023\/05\/24\/o-g-cum-s-a-facut-unirea-basarabiei-in-biblioteca-astra-nr-9-editura-asociatiunii-tiparul-tipografiei-arhidiecezane-sibiu-1925\/","title":{"rendered":"[O.G.] Cum s-a f\u0103cut Unirea Basarabiei, \u00een: Biblioteca Astra nr. 9, Editura \u201dAsocia\u021biunii\u201d, Tiparul Tipografiei Arhidiecezane, Sibiu, 1925"},"content":{"rendered":"\n<figure class=\"wp-block-image size-full\"><a href=\"https:\/\/drive.google.com\/file\/d\/1vcBlaDHn0PeQ90i50AwNH6kM1j90NQGC\/view?usp=drive_link\"><img decoding=\"async\" loading=\"lazy\" width=\"562\" height=\"796\" src=\"https:\/\/onisiforghibu.ro\/wp-content\/uploads\/2023\/05\/OG-CumUnireBasa1925.jpg\" alt=\"\" class=\"wp-image-170\" srcset=\"https:\/\/onisiforghibu.ro\/wp-content\/uploads\/2023\/05\/OG-CumUnireBasa1925.jpg 562w, https:\/\/onisiforghibu.ro\/wp-content\/uploads\/2023\/05\/OG-CumUnireBasa1925-212x300.jpg 212w, https:\/\/onisiforghibu.ro\/wp-content\/uploads\/2023\/05\/OG-CumUnireBasa1925-300x425.jpg 300w\" sizes=\"(max-width: 562px) 100vw, 562px\" \/><\/a><\/figure>\n\n\n\n<p>Not\u0103: <em>Prezentul volum a fost scanat \u00een cadrul proiectului de digitalizare a unora dintre publica\u021biile edite antume din Biblioteca Onisifor Ghibu, precum \u0219i a unora postume, aflate \u00een proprietatea descenden\u021bilor lui Onisifor Ghibu (colec\u021bia Irina Cristescu), \u00een mai 2023, la aniversarea a 140 de ani de la na\u0219terea autorului (1883-2023). Digitalizarea publica\u021biilor a fost realizat\u0103 \u00een cadrul colabor\u0103rii cu Muzeul Na\u021bional al Carpa\u021bilor R\u0103s\u0103riteni, Sf\u00e2ntu Gheorghe, jud. Covasna (muzeograf Corneliu Beldiman).<\/em><\/p>\n","protected":false},"excerpt":{"rendered":"<p>Not\u0103: Prezentul volum a fost scanat \u00een cadrul proiectului de digitalizare a unora dintre publica\u021biile edite antume din Biblioteca Onisifor Ghibu, precum \u0219i a unora postume, aflate \u00een proprietatea descenden\u021bilor lui Onisifor Ghibu (colec\u021bia Irina Cristescu), \u00een mai 2023, la aniversarea a 140 de ani de la na\u0219terea autorului (1883-2023). Digitalizarea publica\u021biilor a fost realizat\u0103&#8230;<\/p>\n","protected":false},"author":1,"featured_media":0,"comment_status":"open","ping_status":"open","sticky":false,"template":"","format":"standard","meta":[],"categories":[1],"tags":[8,45,6,9,5,23,27,7,44,43],"_links":{"self":[{"href":"https:\/\/onisiforghibu.ro\/index.php\/wp-json\/wp\/v2\/posts\/169"}],"collection":[{"href":"https:\/\/onisiforghibu.ro\/index.php\/wp-json\/wp\/v2\/posts"}],"about":[{"href":"https:\/\/onisiforghibu.ro\/index.php\/wp-json\/wp\/v2\/types\/post"}],"author":[{"embeddable":true,"href":"https:\/\/onisiforghibu.ro\/index.php\/wp-json\/wp\/v2\/users\/1"}],"replies":[{"embeddable":true,"href":"https:\/\/onisiforghibu.ro\/index.php\/wp-json\/wp\/v2\/comments?post=169"}],"version-history":[{"count":1,"href":"https:\/\/onisiforghibu.ro\/index.php\/wp-json\/wp\/v2\/posts\/169\/revisions"}],"predecessor-version":[{"id":171,"href":"https:\/\/onisiforghibu.ro\/index.php\/wp-json\/wp\/v2\/posts\/169\/revisions\/171"}],"wp:attachment":[{"href":"https:\/\/onisiforghibu.ro\/index.php\/wp-json\/wp\/v2\/media?parent=169"}],"wp:term":[{"taxonomy":"category","embeddable":true,"href":"https:\/\/onisiforghibu.ro\/index.php\/wp-json\/wp\/v2\/categories?post=169"},{"taxonomy":"post_tag","embeddable":true,"href":"https:\/\/onisiforghibu.ro\/index.php\/wp-json\/wp\/v2\/tags?post=169"}],"curies":[{"name":"wp","href":"https:\/\/api.w.org\/{rel}","templated":true}]}}